{"id":1242,"date":"2024-08-03T08:01:34","date_gmt":"2024-08-03T06:01:34","guid":{"rendered":"https:\/\/www.slimop.space\/bnew-2024-barcelona-new-economy-week\/"},"modified":"2026-01-13T11:12:01","modified_gmt":"2026-01-13T10:12:01","slug":"bnew-2024-barcelona-new-economy-week","status":"publish","type":"post","link":"https:\/\/www.slimop.space\/ca\/bnew-2024-barcelona-new-economy-week\/","title":{"rendered":"BNEW 2024. BARCELONA NEW ECONOMY WEEK"},"content":{"rendered":"\n<p>SLIMOP Space assistir\u00e0 al Barcelona New Economy Week &#8211; BNEW, que aglutina esdeveniments singulars d&#8217;Aviaci\u00f3 i espai, Ind\u00fastria Digital, Mobilitat, Sostenibilitat, Talent, Salut i Experience tots ells amb un denominador com\u00fa: la nova economia.<\/p>\n\n<p>Organitzat pel Conzorci de la Zona Franca, comptar\u00e0 amb m\u00e9s de 100 panells i debats, amb la pres\u00e8ncia de 350 top speakers, i gaireb\u00e9 15.000 congressistes protagonistes de la nova economia.<br\/> Si voleu con\u00e8ixer els aven\u00e7os de SLIMOP Space en recerca i desenvolupament de noves solucions per a telescopis orbitals d&#8217;\u00fas en sat\u00e8l\u00b7lits i cubesats, no dubteu a posar-vos en contacte.<\/p>\n\n<figure class=\"wp-block-image size-large\"><img loading=\"lazy\" decoding=\"async\" width=\"1024\" height=\"569\" src=\"https:\/\/www.slimop.space\/wp-content\/uploads\/2024\/08\/image5-1024x569.jpg\" alt=\"\" class=\"wp-image-690\" srcset=\"https:\/\/www.slimop.space\/wp-content\/uploads\/2024\/08\/image5-1024x569.jpg 1024w, https:\/\/www.slimop.space\/wp-content\/uploads\/2024\/08\/image5-300x167.jpg 300w, https:\/\/www.slimop.space\/wp-content\/uploads\/2024\/08\/image5-768x427.jpg 768w, https:\/\/www.slimop.space\/wp-content\/uploads\/2024\/08\/image5.jpg 1200w\" sizes=\"auto, (max-width: 1024px) 100vw, 1024px\" \/><\/figure>\n\n<p>Contacte: SLIMOP Space \/ info@slimop.space<\/p>\n","protected":false},"excerpt":{"rendered":"<p>SLIMOP Space assistir\u00e0 al Barcelona New Economy Week &#8211; BNEW, que aglutina esdeveniments singulars d&#8217;Aviaci\u00f3 i espai, Ind\u00fastria Digital, Mobilitat, Sostenibilitat, Talent, Salut i Experience tots ells amb un denominador com\u00fa: la nova economia. Organitzat pel Conzorci de la Zona Franca, comptar\u00e0 amb m\u00e9s de 100 panells i debats, amb la pres\u00e8ncia de 350 top [&hellip;]<\/p>\n","protected":false},"author":1,"featured_media":0,"comment_status":"closed","ping_status":"closed","sticky":false,"template":"","format":"standard","meta":{"_acf_changed":false,"_seopress_robots_primary_cat":"none","_seopress_titles_title":"","_seopress_titles_desc":"","_seopress_robots_index":"","footnotes":""},"categories":[29],"tags":[],"class_list":["post-1242","post","type-post","status-publish","format-standard","hentry","category-esdeveniments"],"acf":[],"_links":{"self":[{"href":"https:\/\/www.slimop.space\/ca\/wp-json\/wp\/v2\/posts\/1242","targetHints":{"allow":["GET"]}}],"collection":[{"href":"https:\/\/www.slimop.space\/ca\/wp-json\/wp\/v2\/posts"}],"about":[{"href":"https:\/\/www.slimop.space\/ca\/wp-json\/wp\/v2\/types\/post"}],"author":[{"embeddable":true,"href":"https:\/\/www.slimop.space\/ca\/wp-json\/wp\/v2\/users\/1"}],"replies":[{"embeddable":true,"href":"https:\/\/www.slimop.space\/ca\/wp-json\/wp\/v2\/comments?post=1242"}],"version-history":[{"count":1,"href":"https:\/\/www.slimop.space\/ca\/wp-json\/wp\/v2\/posts\/1242\/revisions"}],"predecessor-version":[{"id":1243,"href":"https:\/\/www.slimop.space\/ca\/wp-json\/wp\/v2\/posts\/1242\/revisions\/1243"}],"wp:attachment":[{"href":"https:\/\/www.slimop.space\/ca\/wp-json\/wp\/v2\/media?parent=1242"}],"wp:term":[{"taxonomy":"category","embeddable":true,"href":"https:\/\/www.slimop.space\/ca\/wp-json\/wp\/v2\/categories?post=1242"},{"taxonomy":"post_tag","embeddable":true,"href":"https:\/\/www.slimop.space\/ca\/wp-json\/wp\/v2\/tags?post=1242"}],"curies":[{"name":"wp","href":"https:\/\/api.w.org\/{rel}","templated":true}]}}